{"id":969,"date":"2024-09-28T12:00:00","date_gmt":"2024-09-28T15:00:00","guid":{"rendered":"https:\/\/alexsantos.com.br\/blog\/?p=969"},"modified":"2024-09-26T19:32:16","modified_gmt":"2024-09-26T22:32:16","slug":"familia-celebra-centenario-de-seu-pioneiro-do-cinema","status":"publish","type":"post","link":"https:\/\/alexsantos.com.br\/blog\/2024\/09\/28\/familia-celebra-centenario-de-seu-pioneiro-do-cinema\/","title":{"rendered":"Fam\u00edlia celebra centen\u00e1rio de seu pioneiro do cinema"},"content":{"rendered":"<div class=\"wp-block-image\">\n<figure class=\"aligncenter size-full\"><img loading=\"lazy\" decoding=\"async\" width=\"496\" height=\"699\" src=\"https:\/\/alexsantos.com.br\/blog\/wp-content\/uploads\/2024\/09\/Livro-que-homenageia-os-110-anos-do-pioneiro-do-cinema-paraibano-Severino-Alexandre.jpg\" alt=\"Livro Que Homenageia Os 110 Anos Do Pioneiro Do Cinema Paraibano Severino Alexandre\" class=\"wp-image-970\" srcset=\"https:\/\/alexsantos.com.br\/blog\/wp-content\/uploads\/2024\/09\/Livro-que-homenageia-os-110-anos-do-pioneiro-do-cinema-paraibano-Severino-Alexandre.jpg 496w, https:\/\/alexsantos.com.br\/blog\/wp-content\/uploads\/2024\/09\/Livro-que-homenageia-os-110-anos-do-pioneiro-do-cinema-paraibano-Severino-Alexandre-213x300.jpg 213w\" sizes=\"auto, (max-width: 496px) 100vw, 496px\" \/><figcaption class=\"wp-element-caption\"><em>Foto: Livro que homenageia os 110 anos do pioneiro do cinema paraibano Severino Alexandre.<\/em><\/figcaption><\/figure>\n<\/div>\n\n\n<p>Abro o artigo de hoje, conferindo vez \u00e0 interjei\u00e7\u00e3o usada por minha filha Alexandra sobre a import\u00e2ncia das boas recorda\u00e7\u00f5es de vida, sobretudo de sua inf\u00e2ncia, na Apresenta\u00e7\u00e3o do livro que fez sobre o centen\u00e1rio do seu av\u00f4, Severino Alexandre, que lan\u00e7amos ontem (s\u00e1bado) em Santa Rita. Afei\u00e7\u00e3o muito bem posta, que transcrevo em parte.&nbsp;<\/p>\n\n\n\n<p>\u201cAh! As lembran\u00e7as desta vida&#8230;<\/p>\n\n\n\n<p>Como \u00e9 farta a hist\u00f3ria, como \u00e9 reconfortante a sensa\u00e7\u00e3o do tocar o passado e dele extrair prazer e pertencimento!<\/p>\n\n\n\n<p>Minha hist\u00f3ria \u00e9, <em>data venia<\/em> e em total defer\u00eancia ao meu pai Alexandre (Alex Santos), autor desta obra, advogado, escritor, cineasta e querido professor, um MERO APARTE, uma simples refer\u00eancia, interfer\u00eancia na verdade, mas inquestionavelmente um privil\u00e9gio, uma singular oportunidade de participar dessa reconstitui\u00e7\u00e3o de fatos significativos da vida desse ser humano, que tudo faz ver ao mundo de forma \u00fanica e extraordin\u00e1ria.<\/p>\n\n\n\n<p>Neste relato de vida t\u00e3o digno, este sim, de ser al\u00e7ado ao ranking dos melhores <em>scripts<\/em> para CINEMA j\u00e1 escritos, n\u00e3o obstante nada tenha me confessado o autor sobre ser essa a sua inten\u00e7\u00e3o, tenho a dizer algo&#8230;<\/p>\n\n\n\n<p>\u00c9 imposs\u00edvel percorrer as p\u00e1ginas desta biografia, que re\u00fane momentos das vidas de quatro gera\u00e7\u00f5es de ALEXANDRES, sem perceber, e de certa maneira se identificar, de algum modo, com os sabores e dissabores que aproveitam as personagens aqui descritas. Fic\u00e7\u00e3o ou n\u00e3o as narrativas (cabe ao autor declarar essas assertivas), elas nos despertam sensa\u00e7\u00f5es, e vivenciamos com elas \u00e9pocas e costumes que nos fazem sentir parte, nos fazem at\u00e9 situar nossas pr\u00f3prias exist\u00eancias.<\/p>\n\n\n\n<p>Um s\u00e9culo descrito sob uma \u00f3tica incrivelmente apurada, rica em detalhes e conte\u00fado, linguagem escorreita, realidade palp\u00e1vel e repleta do melhor dos temperos: A genu\u00edna sensibilidade da alma humana!<\/p>\n\n\n\n<p>Tal caracter\u00edstica inclusive pode ser facilmente identificada na pr\u00f3pria natureza do autor e contribui para assentir como veross\u00edmeis as alega\u00e7\u00f5es apresentadas na obra. Um diferencial, certamente. Intimista por convic\u00e7\u00e3o e entusiasta da cultura por voca\u00e7\u00e3o, Alexandre (Alex Santos), o segundo, \u00e9 capaz de retratar suas mem\u00f3rias de maneira muito clara e acess\u00edvel, num contrassenso cheio de sentido e ador\u00e1vel!\u201d Al\u00e9m de carinho e gentilezas contidos na sua apresenta\u00e7\u00e3o do nosso livro, afirmo ter minha filha, Dra. Alexandra Cavalcanti Luna, adentrado bem no des\u00edgnio da obra que estamos lan\u00e7ando. Quanto ao livro, deve entrar nas livrarias j\u00e1 em outubro pr\u00f3ximo.<\/p>\n\n\n\n<hr class=\"wp-block-separator has-alpha-channel-opacity\" \/>\n\n\n\n<h3 class=\"wp-block-heading has-vivid-red-color has-text-color has-link-color wp-elements-15cd7233d160eef8ee8015b76ef89e11\">APC recebeu doa\u00e7\u00f5es na nova sede<\/h3>\n\n\n\n<p>Sob doa\u00e7\u00e3o, a Academia Paraibana de Cinema recebeu esta semana diversas cole\u00e7\u00f5es, al\u00e9m de materiais de filmes e v\u00eddeos pertencentes ao professor universit\u00e1rio Rog\u00e9rio Moreira de Almeida, falecido em 2021. As doa\u00e7\u00f5es foram oferecidas por sua vi\u00fava Yluska Regina Almeida. Todo acervo ser\u00e1 oportunamente disponibilizado, ap\u00f3s sua triagem, segundo informa o prof. Jo\u00e3o de Lima Gomes, presidente da APC.<\/p>\n\n\n\n<p>Rog\u00e9rio Almeida, com era mais conhecido no meio acad\u00eamico, al\u00e9m de professor exercia jornalismo como assessor de imprensa da reitoria da UFPB. Formado em Comunica\u00e7\u00e3o Social pela&nbsp;UFPB, fez Direito pelo Instituto de Educa\u00e7\u00e3o Superior da Para\u00edba, al\u00e9m de Fisioterapia pela Universidade de Fortaleza e mestrado em Physical Therapy \u2013 New York University, e Ci\u00eancias da Motricidade em Bioci\u00eancias, na UNESP-SP.&nbsp;<\/p>\n","protected":false},"excerpt":{"rendered":"<p>Abro o artigo de hoje, conferindo vez \u00e0 interjei\u00e7\u00e3o usada por minha filha Alexandra sobre a import\u00e2ncia das boas recorda\u00e7\u00f5es de vida, sobretudo de sua&#8230;<\/p>\n","protected":false},"author":2,"featured_media":970,"comment_status":"closed","ping_status":"closed","sticky":false,"template":"","format":"standard","meta":{"slim_seo":{"title":"Fam\u00edlia celebra centen\u00e1rio de seu pioneiro do cinema - Coisas de Cinema","description":"Abro o artigo de hoje, conferindo vez \u00e0 interjei\u00e7\u00e3o usada por minha filha Alexandra sobre a import\u00e2ncia das boas recorda\u00e7\u00f5es de vida, sobretudo de sua inf\u00e2ncia,"},"_jetpack_memberships_contains_paid_content":false,"footnotes":""},"categories":[1],"tags":[],"class_list":["post-969","post","type-post","status-publish","format-standard","has-post-thumbnail","hentry","category-sem-categoria","yosemite-has-thumbnail"],"jetpack_featured_media_url":"https:\/\/alexsantos.com.br\/blog\/wp-content\/uploads\/2024\/09\/Livro-que-homenageia-os-110-anos-do-pioneiro-do-cinema-paraibano-Severino-Alexandre.jpg","jetpack_sharing_enabled":true,"_links":{"self":[{"href":"https:\/\/alexsantos.com.br\/blog\/wp-json\/wp\/v2\/posts\/969","targetHints":{"allow":["GET"]}}],"collection":[{"href":"https:\/\/alexsantos.com.br\/blog\/wp-json\/wp\/v2\/posts"}],"about":[{"href":"https:\/\/alexsantos.com.br\/blog\/wp-json\/wp\/v2\/types\/post"}],"author":[{"embeddable":true,"href":"https:\/\/alexsantos.com.br\/blog\/wp-json\/wp\/v2\/users\/2"}],"replies":[{"embeddable":true,"href":"https:\/\/alexsantos.com.br\/blog\/wp-json\/wp\/v2\/comments?post=969"}],"version-history":[{"count":1,"href":"https:\/\/alexsantos.com.br\/blog\/wp-json\/wp\/v2\/posts\/969\/revisions"}],"predecessor-version":[{"id":971,"href":"https:\/\/alexsantos.com.br\/blog\/wp-json\/wp\/v2\/posts\/969\/revisions\/971"}],"wp:featuredmedia":[{"embeddable":true,"href":"https:\/\/alexsantos.com.br\/blog\/wp-json\/wp\/v2\/media\/970"}],"wp:attachment":[{"href":"https:\/\/alexsantos.com.br\/blog\/wp-json\/wp\/v2\/media?parent=969"}],"wp:term":[{"taxonomy":"category","embeddable":true,"href":"https:\/\/alexsantos.com.br\/blog\/wp-json\/wp\/v2\/categories?post=969"},{"taxonomy":"post_tag","embeddable":true,"href":"https:\/\/alexsantos.com.br\/blog\/wp-json\/wp\/v2\/tags?post=969"}],"curies":[{"name":"wp","href":"https:\/\/api.w.org\/{rel}","templated":true}]}}