{"id":1287,"date":"2026-05-02T12:00:00","date_gmt":"2026-05-02T15:00:00","guid":{"rendered":"https:\/\/alexsantos.com.br\/blog\/?p=1287"},"modified":"2026-04-30T14:14:22","modified_gmt":"2026-04-30T17:14:22","slug":"sindrome-da-informacao-documental-no-cinema","status":"publish","type":"post","link":"https:\/\/alexsantos.com.br\/blog\/2026\/05\/02\/sindrome-da-informacao-documental-no-cinema\/","title":{"rendered":"S\u00edndrome da informa\u00e7\u00e3o documental no cinema"},"content":{"rendered":"\n<figure class=\"wp-block-image size-full\"><img loading=\"lazy\" decoding=\"async\" width=\"768\" height=\"441\" src=\"https:\/\/alexsantos.com.br\/blog\/wp-content\/uploads\/2026\/04\/Cineasta-Machado-Bitencour-um-dos-pioneiros-do-documentario-paraibano.jpg\" alt=\"Cineasta Machado Bitencour, um dos pioneiros do document\u00e1rio paraibano.\" class=\"wp-image-1288\" srcset=\"https:\/\/alexsantos.com.br\/blog\/wp-content\/uploads\/2026\/04\/Cineasta-Machado-Bitencour-um-dos-pioneiros-do-documentario-paraibano.jpg 768w, https:\/\/alexsantos.com.br\/blog\/wp-content\/uploads\/2026\/04\/Cineasta-Machado-Bitencour-um-dos-pioneiros-do-documentario-paraibano-300x172.jpg 300w\" sizes=\"auto, (max-width: 768px) 100vw, 768px\" \/><figcaption class=\"wp-element-caption\"><em>Foto: Cineasta Machado Bitencourt, um dos pioneiros do document\u00e1rio paraibano.<\/em><\/figcaption><\/figure>\n\n\n\n<p>Longe de conter os elementos formais de dramaturgia que a arte-do-filme exige para sua constru\u00e7\u00e3o de in\u00edcio-meio-fim, par\u00e2metros de linguagem de leitura tamb\u00e9m narrativo-visual, o Document\u00e1rio n\u00e3o deve ser encarado como Cinema, n\u00e3o no sentido estrutural, como arte de entretenimento. Erro crasso \u00e9 continuarmos admitindo ao mero registro audiovisual esse cogente, quando se entende a import\u00e2ncia do document\u00e1rio, sobretudo de longa-metragem, como um produto de interesse da pesquisa social cultural, jamais destinado \u00e0 divers\u00e3o. &nbsp;<\/p>\n\n\n\n<p>Pesquisando mais uma vez sobre o trabalho de Eduardo Coutinho, cujo depoimento antecedeu \u00e0 exibi\u00e7\u00e3o de um de seus filmes mais recentes, nossa convic\u00e7\u00e3o fica mais clara sobre o documentarismo. E isso nos leva a firmar, ainda mais, a convic\u00e7\u00e3o pela justificativa do pr\u00f3prio realizador de \u201cCabra Marcado para Morrer\u201d (memor\u00e1vel documento hist\u00f3rico de importante instante pol\u00edtico da vida brasileira), de que o document\u00e1rio n\u00e3o deve ser visto como Cinema, tendo em vista o seu significado e forma\u00e7\u00e3o estrutural.<\/p>\n\n\n\n<p>Isso me faz lembrar de quando filmamos \u2013 eu e Jureny Bitencourt \u2013 as imagens para o document\u00e1rio \u201cParahyba\u201d (o filme). No final, foram duas horas de material a cores, 35mm, que tivemos de reduzir para 12 minutos, at\u00e9 por exig\u00eancia e norma da pr\u00f3pria Embrafilme, que foi a distribuidora comercial do filme. E j\u00e1 na moviola, em S\u00e3o Paulo, com o montador Jo\u00e3o Ramiro Melo, foi um extenuante exerc\u00edcio de garimpagem de imagens&#8230;<\/p>\n\n\n\n<p>Em verdade, no que diz respeito aos aspectos ficcional e documental do cinema, e oriundo que sou da atividade cinematogr\u00e1fica, eminentemente exibidora e de entretenimento, n\u00e3o me foi f\u00e1cil digerir algumas mudan\u00e7as e compreens\u00f5es impostas pelos novos tempos e formas de comunica\u00e7\u00e3o. N\u00e3o obstante isso, acabei por entender a verdadeira fun\u00e7\u00e3o do cinema, a de hoje especialmente, que \u00e9 t\u00e3o somente a da reconstitui\u00e7\u00e3o dos fatos; jamais por meio de uma simples documenta\u00e7\u00e3o. Entenda-se, l\u00f3gico, a \u201creconstitui\u00e7\u00e3o\u201d como a representa\u00e7\u00e3o, recria\u00e7\u00e3o ficcional dos fatos hist\u00f3ricos de seus atores e de uma realidade. O que se deve entender, repito, \u00e9 que o document\u00e1rio tem uma outra fun\u00e7\u00e3o social, por tratar de uma realidade como ela se encontra quando foi filmada ou gravada, jamais como forma de entretenimento.<\/p>\n\n\n\n<hr class=\"wp-block-separator has-alpha-channel-opacity\" \/>\n\n\n\n<p class=\"has-vivid-red-color has-text-color has-link-color wp-elements-459c326061f18d0b5f21a0dc0c3f0f9f\"><strong><em>APC: Programa de interioriza\u00e7\u00e3o no estado<\/em><\/strong><\/p>\n\n\n\n<p>A Academia Paraibana de Cinema, sob a presid\u00eancia do professor Jo\u00e3o de Lima Gomes, vem desenvolvendo seu programa de interioriza\u00e7\u00e3o e de apoio ao cinema em diversas regi\u00f5es do estado.<\/p>\n\n\n\n<p>Agora em maio ser\u00e1 a vez da academia se fazer presente no munic\u00edpio de Sum\u00e9, debatendo com Artur Lins e Ana C\u00e9lia a obra que resgata o papel da caravana \u201cMostra Sum\u00e9 de Cinema no Nordeste\u201d. O evento acontecer\u00e1 no pr\u00f3ximo dia 14, organizado pela pr\u00f3pria Ana C\u00e9lia, sendo mais uma com a participa\u00e7\u00e3o da APC no movimento de interioriza\u00e7\u00e3o do cinema.<\/p>\n","protected":false},"excerpt":{"rendered":"<p>Longe de conter os elementos formais de dramaturgia que a arte-do-filme exige para sua constru\u00e7\u00e3o de in\u00edcio-meio-fim, par\u00e2metros de linguagem de leitura tamb\u00e9m narrativo-visual, o&#8230;<\/p>\n","protected":false},"author":2,"featured_media":1288,"comment_status":"closed","ping_status":"closed","sticky":false,"template":"","format":"standard","meta":{"slim_seo":{"title":"S\u00edndrome da informa\u00e7\u00e3o documental no cinema - Coisas de Cinema","description":"Longe de conter os elementos formais de dramaturgia que a arte-do-filme exige para sua constru\u00e7\u00e3o de in\u00edcio-meio-fim, par\u00e2metros de linguagem de leitura tamb\u00e9m"},"_jetpack_memberships_contains_paid_content":false,"footnotes":""},"categories":[1],"tags":[],"class_list":["post-1287","post","type-post","status-publish","format-standard","has-post-thumbnail","hentry","category-sem-categoria","yosemite-has-thumbnail"],"jetpack_featured_media_url":"https:\/\/alexsantos.com.br\/blog\/wp-content\/uploads\/2026\/04\/Cineasta-Machado-Bitencour-um-dos-pioneiros-do-documentario-paraibano.jpg","jetpack_sharing_enabled":true,"_links":{"self":[{"href":"https:\/\/alexsantos.com.br\/blog\/wp-json\/wp\/v2\/posts\/1287","targetHints":{"allow":["GET"]}}],"collection":[{"href":"https:\/\/alexsantos.com.br\/blog\/wp-json\/wp\/v2\/posts"}],"about":[{"href":"https:\/\/alexsantos.com.br\/blog\/wp-json\/wp\/v2\/types\/post"}],"author":[{"embeddable":true,"href":"https:\/\/alexsantos.com.br\/blog\/wp-json\/wp\/v2\/users\/2"}],"replies":[{"embeddable":true,"href":"https:\/\/alexsantos.com.br\/blog\/wp-json\/wp\/v2\/comments?post=1287"}],"version-history":[{"count":1,"href":"https:\/\/alexsantos.com.br\/blog\/wp-json\/wp\/v2\/posts\/1287\/revisions"}],"predecessor-version":[{"id":1289,"href":"https:\/\/alexsantos.com.br\/blog\/wp-json\/wp\/v2\/posts\/1287\/revisions\/1289"}],"wp:featuredmedia":[{"embeddable":true,"href":"https:\/\/alexsantos.com.br\/blog\/wp-json\/wp\/v2\/media\/1288"}],"wp:attachment":[{"href":"https:\/\/alexsantos.com.br\/blog\/wp-json\/wp\/v2\/media?parent=1287"}],"wp:term":[{"taxonomy":"category","embeddable":true,"href":"https:\/\/alexsantos.com.br\/blog\/wp-json\/wp\/v2\/categories?post=1287"},{"taxonomy":"post_tag","embeddable":true,"href":"https:\/\/alexsantos.com.br\/blog\/wp-json\/wp\/v2\/tags?post=1287"}],"curies":[{"name":"wp","href":"https:\/\/api.w.org\/{rel}","templated":true}]}}