{"id":1202,"date":"2025-11-29T12:00:00","date_gmt":"2025-11-29T15:00:00","guid":{"rendered":"https:\/\/alexsantos.com.br\/blog\/?p=1202"},"modified":"2025-11-28T17:46:13","modified_gmt":"2025-11-28T20:46:13","slug":"feira-de-arte-e-cultura-uma-das-instancias-da-apc","status":"publish","type":"post","link":"https:\/\/alexsantos.com.br\/blog\/2025\/11\/29\/feira-de-arte-e-cultura-uma-das-instancias-da-apc\/","title":{"rendered":"Feira de arte e cultura, uma das inst\u00e2ncias da APC"},"content":{"rendered":"\n<figure class=\"wp-block-image size-full\"><img loading=\"lazy\" decoding=\"async\" width=\"500\" height=\"334\" src=\"https:\/\/alexsantos.com.br\/blog\/wp-content\/uploads\/2025\/11\/Vereador-Dr.-Joao-Carlos-autor-do-projeto-Feira-de-Arte-e-Cultura.jpg\" alt=\"Vereador dr. jo\u00e3o carlos autor do projeto \u201cfeira de arte e cultura\u201d.\" class=\"wp-image-1203\" srcset=\"https:\/\/alexsantos.com.br\/blog\/wp-content\/uploads\/2025\/11\/Vereador-Dr.-Joao-Carlos-autor-do-projeto-Feira-de-Arte-e-Cultura.jpg 500w, https:\/\/alexsantos.com.br\/blog\/wp-content\/uploads\/2025\/11\/Vereador-Dr.-Joao-Carlos-autor-do-projeto-Feira-de-Arte-e-Cultura-300x200.jpg 300w, https:\/\/alexsantos.com.br\/blog\/wp-content\/uploads\/2025\/11\/Vereador-Dr.-Joao-Carlos-autor-do-projeto-Feira-de-Arte-e-Cultura-370x247.jpg 370w\" sizes=\"auto, (max-width: 500px) 100vw, 500px\" \/><figcaption class=\"wp-element-caption\"><em>Foto: Vereador Dr. Jo\u00e3o Carlos autor do projeto \u201cFeira de Arte e Cultura\u201d.<\/em><\/figcaption><\/figure>\n\n\n\n<p>A proposta de programa\u00e7\u00e3o cultural apresentada pelo vereador da casa Dr. Jo\u00e3o Alves, contemplando os segmentos de artes, como teatro, cinema e feiras artesanais, al\u00e9m de apresenta\u00e7\u00f5es de artistas locais, foi recentemente aprovada na C\u00e2mara Municipal de Santa Rita. O dispositivo legal de n\u00famero 2.320\/2025 disp\u00f5e sobre a cria\u00e7\u00e3o de uma \u201cFeira de Arte e Cultura\u201d a ser realizada sempre na \u00faltima sexta-feira de cada m\u00eas, na Pra\u00e7a Jo\u00e3o Pessoa, no centro da cidade.<\/p>\n\n\n\n<p>Numa perspectiva de interioriza\u00e7\u00e3o e apoio \u00e0s atividades culturais do estado, como vem acontecendo, a Academia Paraibana de Cinema, tendo no comando o prof. Jo\u00e3o de Lima, interessou-se pelo projeto santarritense. Mais ainda, por ser a terra de um de seus em\u00e9ritos paraibanos, \u201cSeu\u201d Severino do Cinema, Patrono da Cadeira 05 da nossa institui\u00e7\u00e3o.<\/p>\n\n\n\n<p>Entendimentos entre a C\u00e2mara Municipal de Santa Rita, por meio de seu representante no projeto, vereador Jo\u00e3o Alves, e a Academia de Cinema est\u00e3o existindo, para ser introduzida na programa\u00e7\u00e3o \u201cFeira de Arte e Cultura\u201d uma mostra de cinema paraibano. Sobretudo, com produ\u00e7\u00f5es que digam respeito \u00e0quele munic\u00edpio.<\/p>\n\n\n\n<p>Conhecida desde seus prim\u00f3rdios como sendo \u201cA Rainha dos Canaviais\u201d, Santa Rita sempre foi uma cidade a liderar movimentos culturais no estado. No que se refere ao cinema, mais ainda. Desde aqueles tempos do chamado \u201ccinema mudo\u201d, e isso j\u00e1 se v\u00e3o mais de um s\u00e9culo.<\/p>\n\n\n\n<p>Depois, com o advento do som no cinema, j\u00e1 no in\u00edcio do s\u00e9culo vinte, meu saudoso pai Severino Alexandre liderou uma das redes de proje\u00e7\u00e3o de filmes na cidade e distritos vizinhos. Sua participa\u00e7\u00e3o com as tr\u00eas salas de cinema foi muito importante para a cultura e a economia locais. Primeiro veio o Cine Santa Cruz, ainda no in\u00edcio dos anos quarenta, seguido de mais dois, o S\u00e3o Jo\u00e3o e o Cinerama. Todas as salas foram constru\u00eddas sob orienta\u00e7\u00e3o e dentro dos padr\u00f5es de modernidade que os novos tempos exigiam. A saga pioneira de meu pai, como n\u00e3o poderia deixar de ser, hoje vem sendo penhorada em nome da pra\u00e7a da cidade de Santa Rita, na literatura e em document\u00e1rios ent\u00e3o realizados. Toda uma vida a fazer parte dos anais de sua Academia Paraibana de Cinema (APC). <\/p>\n\n\n\n<h3 class=\"wp-block-heading has-vivid-red-color has-text-color has-link-color wp-elements-7e506aa1b616bb8d4bbe8933cf223e72\">APC participa do Festival Varilux<\/h3>\n\n\n\n<p>A convite da diretoria do Festival Varilux do Cinema Franc\u00eas, a Academia Paraibana de Cinema participou de sua abertura solene, na noite da quarta-feira passada. O evento aconteceu no Mag Shopping, aqui em Jo\u00e3o Pessoa, e contou com &nbsp;um consider\u00e1vel p\u00fablico.<\/p>\n\n\n\n<p>Representada pelo seu presidente, prof. Jo\u00e3o de Lima Gomes, a APC vem cumprindo uma s\u00e9rie de agendas relacionada a eventos cinematogr\u00e1ficos, em Jo\u00e3o Pessoa e no interior do estado.<\/p>\n","protected":false},"excerpt":{"rendered":"<p>A proposta de programa\u00e7\u00e3o cultural apresentada pelo vereador da casa Dr. Jo\u00e3o Alves, contemplando os segmentos de artes, como teatro, cinema e feiras artesanais, al\u00e9m&#8230;<\/p>\n","protected":false},"author":2,"featured_media":1203,"comment_status":"closed","ping_status":"closed","sticky":false,"template":"","format":"standard","meta":{"slim_seo":{"title":"Feira de arte e cultura, uma das inst\u00e2ncias da APC - Coisas de Cinema","description":"A proposta de programa\u00e7\u00e3o cultural apresentada pelo vereador da casa Dr. Jo\u00e3o Alves, contemplando os segmentos de artes, como teatro, cinema e feiras artesanais"},"_jetpack_memberships_contains_paid_content":false,"footnotes":""},"categories":[1],"tags":[],"class_list":["post-1202","post","type-post","status-publish","format-standard","has-post-thumbnail","hentry","category-sem-categoria","yosemite-has-thumbnail"],"jetpack_featured_media_url":"https:\/\/alexsantos.com.br\/blog\/wp-content\/uploads\/2025\/11\/Vereador-Dr.-Joao-Carlos-autor-do-projeto-Feira-de-Arte-e-Cultura.jpg","jetpack_sharing_enabled":true,"_links":{"self":[{"href":"https:\/\/alexsantos.com.br\/blog\/wp-json\/wp\/v2\/posts\/1202","targetHints":{"allow":["GET"]}}],"collection":[{"href":"https:\/\/alexsantos.com.br\/blog\/wp-json\/wp\/v2\/posts"}],"about":[{"href":"https:\/\/alexsantos.com.br\/blog\/wp-json\/wp\/v2\/types\/post"}],"author":[{"embeddable":true,"href":"https:\/\/alexsantos.com.br\/blog\/wp-json\/wp\/v2\/users\/2"}],"replies":[{"embeddable":true,"href":"https:\/\/alexsantos.com.br\/blog\/wp-json\/wp\/v2\/comments?post=1202"}],"version-history":[{"count":1,"href":"https:\/\/alexsantos.com.br\/blog\/wp-json\/wp\/v2\/posts\/1202\/revisions"}],"predecessor-version":[{"id":1204,"href":"https:\/\/alexsantos.com.br\/blog\/wp-json\/wp\/v2\/posts\/1202\/revisions\/1204"}],"wp:featuredmedia":[{"embeddable":true,"href":"https:\/\/alexsantos.com.br\/blog\/wp-json\/wp\/v2\/media\/1203"}],"wp:attachment":[{"href":"https:\/\/alexsantos.com.br\/blog\/wp-json\/wp\/v2\/media?parent=1202"}],"wp:term":[{"taxonomy":"category","embeddable":true,"href":"https:\/\/alexsantos.com.br\/blog\/wp-json\/wp\/v2\/categories?post=1202"},{"taxonomy":"post_tag","embeddable":true,"href":"https:\/\/alexsantos.com.br\/blog\/wp-json\/wp\/v2\/tags?post=1202"}],"curies":[{"name":"wp","href":"https:\/\/api.w.org\/{rel}","templated":true}]}}